{"id":3120,"date":"2021-08-30T16:52:47","date_gmt":"2021-08-30T19:52:47","guid":{"rendered":"http:\/\/grvacation.com\/blog\/?p=3120"},"modified":"2021-08-30T16:54:36","modified_gmt":"2021-08-30T19:54:36","slug":"ainda-da-tempo-de-aproveitar-os-feriados-de-2021","status":"publish","type":"post","link":"http:\/\/grvacation.com\/blog\/ainda-da-tempo-de-aproveitar-os-feriados-de-2021\/","title":{"rendered":"Ainda d\u00e1 tempo de aproveitar os feriados de 2021"},"content":{"rendered":"\n<p><em>Agosto chegou ao fim, mas abriu as portas para os pr\u00f3ximos feriados que voc\u00ea pode aproveitar!<\/em> Confira os melhores lugares para curtir e relaxar em grande estilo.<\/p>\n\n\n\n<p>Com a chegada de setembro, podemos dizer que o fim do ano est\u00e1 \u2018logo ali\u2019. Mas <strong>2021 ainda promete muitos momentos incr\u00edveis<\/strong>, por isso, listamos os<strong> pr\u00f3ximos feriados<\/strong> e preparamos dicas especiais para voc\u00ea aproveitar com a fam\u00edlia em destinos divertidos e paradis\u00edacos.<\/p>\n\n\n\n<p>Vamos l\u00e1?!<\/p>\n\n\n\n<h2>07 de setembro \u2013 Independ\u00eancia do Brasil<\/h2>\n\n\n\n<p>O feriado de Independ\u00eancia do Brasil cair\u00e1 numa ter\u00e7a-feira, um dia maravilhoso para emendar um final de semana prolongado, junto da segunda-feira.<\/p>\n\n\n\n<p>E com tantos dias para curtir, a nossa dica \u00e9<strong> Barretos<\/strong>, no interior de S\u00e3o Paulo.<\/p>\n\n\n\n<p>Com temperaturas altas e pouca chuva no m\u00eas de setembro, o melhor mesmo \u00e9 aproveitar o resort <a href=\"http:\/\/grvacation.com\/blog\/conheca-o-barretos-country-thermas-park\/\" data-type=\"URL\" data-id=\"http:\/\/grvacation.com\/blog\/conheca-o-barretos-country-thermas-park\/\" target=\"_blank\" rel=\"noreferrer noopener\">Barretos Country Thermas Park<\/a>, com um parque aqu\u00e1tico anexo. S\u00e3o mais de 40 atra\u00e7\u00f5es, com a maioria de <strong>\u00e1guas quentes naturais<\/strong>. Ideal para a fam\u00edlia toda, o resort p\u00e9 na areia entrega \u00e1reas verdes e muito contato com a natureza, al\u00e9m da piscina de ondas que \u00e9 conhecida como uma das <strong>maiores praias artificiais do interior.<\/strong><\/p>\n\n\n\n<figure class=\"wp-block-image size-large\"><img loading=\"lazy\" width=\"1024\" height=\"767\" src=\"https:\/\/grvacation.com\/blog\/wp-content\/uploads\/2021\/08\/parque-aquatico-piscina-de-ondas-praia-artificial-1024x767.jpg\" alt=\"\" class=\"wp-image-3122\" srcset=\"http:\/\/grvacation.com\/blog\/wp-content\/uploads\/2021\/08\/parque-aquatico-piscina-de-ondas-praia-artificial-1024x767.jpg 1024w, http:\/\/grvacation.com\/blog\/wp-content\/uploads\/2021\/08\/parque-aquatico-piscina-de-ondas-praia-artificial-300x225.jpg 300w, http:\/\/grvacation.com\/blog\/wp-content\/uploads\/2021\/08\/parque-aquatico-piscina-de-ondas-praia-artificial-768x576.jpg 768w, http:\/\/grvacation.com\/blog\/wp-content\/uploads\/2021\/08\/parque-aquatico-piscina-de-ondas-praia-artificial-1536x1151.jpg 1536w, http:\/\/grvacation.com\/blog\/wp-content\/uploads\/2021\/08\/parque-aquatico-piscina-de-ondas-praia-artificial-2048x1535.jpg 2048w, http:\/\/grvacation.com\/blog\/wp-content\/uploads\/2021\/08\/parque-aquatico-piscina-de-ondas-praia-artificial-1500x1124.jpg 1500w, http:\/\/grvacation.com\/blog\/wp-content\/uploads\/2021\/08\/parque-aquatico-piscina-de-ondas-praia-artificial-740x555.jpg 740w\" sizes=\"(max-width: 1024px) 100vw, 1024px\" \/><\/figure>\n\n\n\n<div style=\"height:30px\" aria-hidden=\"true\" class=\"wp-block-spacer\"><\/div>\n\n\n\n<h2>12 de outubro \u2013 Dia das Crian\u00e7as<\/h2>\n\n\n\n<p>No Dia das Crian\u00e7as, a melhor viagem \u00e9 em fam\u00edlia. E como o feriado anterior, esse tamb\u00e9m cair\u00e1 numa ter\u00e7a-feira. Ent\u00e3o j\u00e1 sabe, n\u00e9? F\u00e9rias prolongadas.<\/p>\n\n\n\n<p>Nesta data, o melhor pedido \u00e9 Ol\u00edmpia, no noroeste paulista.<\/p>\n\n\n\n<p>Aqui, a cidade n\u00e3o brinca quando \u00e9 para entregar atra\u00e7\u00f5es gigantes, pois al\u00e9m de <strong>um dos maiores resorts do Brasil<\/strong>, o <a href=\"http:\/\/grvacation.com\/blog\/wyndham-olimpia-royal-hotels-o-resort-ideal-para-as-ferias-da-sua-familia\/\" data-type=\"URL\" data-id=\"http:\/\/grvacation.com\/blog\/wyndham-olimpia-royal-hotels-o-resort-ideal-para-as-ferias-da-sua-familia\/\" target=\"_blank\" rel=\"noreferrer noopener\">Wyndham Ol\u00edmpia Royal Hotels<\/a>, o destino tamb\u00e9m \u00e9 lar do<strong> Thermas dos Laranjais<\/strong>, o parque aqu\u00e1tico <strong>mais visitado da Am\u00e9rica Latina <\/strong>e o 5\u00ba do mundo.<\/p>\n\n\n\n<figure class=\"wp-block-image size-large\"><img loading=\"lazy\" width=\"1024\" height=\"682\" src=\"https:\/\/grvacation.com\/blog\/wp-content\/uploads\/2021\/08\/resort-piscinas-parque-aquatico-1024x682.jpg\" alt=\"\" class=\"wp-image-3123\" srcset=\"http:\/\/grvacation.com\/blog\/wp-content\/uploads\/2021\/08\/resort-piscinas-parque-aquatico-1024x682.jpg 1024w, http:\/\/grvacation.com\/blog\/wp-content\/uploads\/2021\/08\/resort-piscinas-parque-aquatico-300x200.jpg 300w, http:\/\/grvacation.com\/blog\/wp-content\/uploads\/2021\/08\/resort-piscinas-parque-aquatico-768x512.jpg 768w, http:\/\/grvacation.com\/blog\/wp-content\/uploads\/2021\/08\/resort-piscinas-parque-aquatico-1536x1023.jpg 1536w, http:\/\/grvacation.com\/blog\/wp-content\/uploads\/2021\/08\/resort-piscinas-parque-aquatico-2048x1364.jpg 2048w, http:\/\/grvacation.com\/blog\/wp-content\/uploads\/2021\/08\/resort-piscinas-parque-aquatico-1500x999.jpg 1500w, http:\/\/grvacation.com\/blog\/wp-content\/uploads\/2021\/08\/resort-piscinas-parque-aquatico-740x493.jpg 740w\" sizes=\"(max-width: 1024px) 100vw, 1024px\" \/><\/figure>\n\n\n\n<div style=\"height:30px\" aria-hidden=\"true\" class=\"wp-block-spacer\"><\/div>\n\n\n\n<h2>02 de novembro \u2013 Finados<\/h2>\n\n\n\n<p>Adivinha em que dia da semana o feriado de Finados cai? Acertou quem disse ter\u00e7a-feira! Com mais uma data prolongada, que tal pegar uma onda, curtir o sol e relaxar nas areias macias de Natal\/RN?<\/p>\n\n\n\n<p>Conhecida como a<strong> Cidade do Sol<\/strong>, as temperaturas no destino est\u00e3o sempre altas e as<strong> \u00e1guas cristalinas <\/strong>oferecem op\u00e7\u00f5es tanto para quem quer relaxar quanto para quem ama <strong>aventuras<\/strong>. Sem falar na culin\u00e1ria local, que sem d\u00favida, agrada at\u00e9 os paladares mais exigentes.<\/p>\n\n\n\n<figure class=\"wp-block-image size-large\"><img loading=\"lazy\" width=\"1024\" height=\"685\" src=\"https:\/\/grvacation.com\/blog\/wp-content\/uploads\/2021\/08\/Praia-Natal-Rio-Grande-do-Norte-1024x685.jpg\" alt=\"\" class=\"wp-image-3124\" srcset=\"http:\/\/grvacation.com\/blog\/wp-content\/uploads\/2021\/08\/Praia-Natal-Rio-Grande-do-Norte-1024x685.jpg 1024w, http:\/\/grvacation.com\/blog\/wp-content\/uploads\/2021\/08\/Praia-Natal-Rio-Grande-do-Norte-300x201.jpg 300w, http:\/\/grvacation.com\/blog\/wp-content\/uploads\/2021\/08\/Praia-Natal-Rio-Grande-do-Norte-768x514.jpg 768w, http:\/\/grvacation.com\/blog\/wp-content\/uploads\/2021\/08\/Praia-Natal-Rio-Grande-do-Norte-1536x1028.jpg 1536w, http:\/\/grvacation.com\/blog\/wp-content\/uploads\/2021\/08\/Praia-Natal-Rio-Grande-do-Norte-2048x1371.jpg 2048w, http:\/\/grvacation.com\/blog\/wp-content\/uploads\/2021\/08\/Praia-Natal-Rio-Grande-do-Norte-1500x1004.jpg 1500w, http:\/\/grvacation.com\/blog\/wp-content\/uploads\/2021\/08\/Praia-Natal-Rio-Grande-do-Norte-740x495.jpg 740w\" sizes=\"(max-width: 1024px) 100vw, 1024px\" \/><\/figure>\n\n\n\n<div style=\"height:30px\" aria-hidden=\"true\" class=\"wp-block-spacer\"><\/div>\n\n\n\n<h2>15 de novembro \u2013 Proclama\u00e7\u00e3o da Rep\u00fablica<\/h2>\n\n\n\n<p>Quebrando a sequ\u00eancia de feriados nas ter\u00e7as-feiras, a Proclama\u00e7\u00e3o da Rep\u00fablica cai em uma segunda, mas ainda sim d\u00e1 para prolongar o final de semana.<\/p>\n\n\n\n<p>E em 3 dias, voc\u00ea conseguir\u00e1 aproveitar muito a cidade de<a href=\"http:\/\/grvacation.com\/blog\/conheca-rio-quente-e-caldas-novas-em-goias\/\" data-type=\"URL\" data-id=\"http:\/\/grvacation.com\/blog\/conheca-rio-quente-e-caldas-novas-em-goias\/\" target=\"_blank\" rel=\"noreferrer noopener\"> Rio Quente<\/a>, em Goi\u00e1s. O destino conta com o <strong>maior parque aqu\u00e1tico do cerrado<\/strong>, que faz jus \u00e0s maravilhas do<strong> maior rio hidrotermal do mundo<\/strong>, que tamb\u00e9m passa pela cidade. Al\u00e9m disso, a <strong>Serra de Caldas<\/strong> completa o ecoturismo para quem quer se conectar com a natureza. Ah, as \u00e1guas<strong> chegam aos 37\u00b0C<\/strong>.<\/p>\n\n\n\n<figure class=\"wp-block-image size-large\"><img loading=\"lazy\" width=\"1024\" height=\"683\" src=\"https:\/\/grvacation.com\/blog\/wp-content\/uploads\/2021\/08\/ESPLANADA-33-1-1024x683.jpg\" alt=\"\" class=\"wp-image-3125\" srcset=\"http:\/\/grvacation.com\/blog\/wp-content\/uploads\/2021\/08\/ESPLANADA-33-1-1024x683.jpg 1024w, http:\/\/grvacation.com\/blog\/wp-content\/uploads\/2021\/08\/ESPLANADA-33-1-300x200.jpg 300w, http:\/\/grvacation.com\/blog\/wp-content\/uploads\/2021\/08\/ESPLANADA-33-1-768x512.jpg 768w, http:\/\/grvacation.com\/blog\/wp-content\/uploads\/2021\/08\/ESPLANADA-33-1-1536x1024.jpg 1536w, http:\/\/grvacation.com\/blog\/wp-content\/uploads\/2021\/08\/ESPLANADA-33-1-2048x1365.jpg 2048w, http:\/\/grvacation.com\/blog\/wp-content\/uploads\/2021\/08\/ESPLANADA-33-1-1500x1000.jpg 1500w, http:\/\/grvacation.com\/blog\/wp-content\/uploads\/2021\/08\/ESPLANADA-33-1-740x493.jpg 740w\" sizes=\"(max-width: 1024px) 100vw, 1024px\" \/><\/figure>\n\n\n\n<div style=\"height:30px\" aria-hidden=\"true\" class=\"wp-block-spacer\"><\/div>\n\n\n\n<h2>20 de novembro \u2013 Dia da Consci\u00eancia Negra<\/h2>\n\n\n\n<p>O Dia da Consci\u00eancia Negra, em 2021, cai em um s\u00e1bado, o que faz uma combina\u00e7\u00e3o e tanto: feriado e final de semana.<\/p>\n\n\n\n<p>Nossa dica aqui vai para os amantes da natureza. Bonito, no Mato Grosso do Sul, faz jus ao nome e fornece <strong>paisagens que parecem pintadas \u00e0 m\u00e3o<\/strong>. Inclusive, temos uma mat\u00e9ria especial sobre as principais atra\u00e7\u00f5es de Bonito. <a href=\"http:\/\/grvacation.com\/blog\/as-belezas-de-bonito-ms-vao-te-surpreender\/\" data-type=\"URL\" data-id=\"http:\/\/grvacation.com\/blog\/as-belezas-de-bonito-ms-vao-te-surpreender\/\" target=\"_blank\" rel=\"noreferrer noopener\">Que tal conhecer?<\/a><\/p>\n\n\n\n<figure class=\"wp-block-image size-large\"><img loading=\"lazy\" width=\"1024\" height=\"768\" src=\"https:\/\/grvacation.com\/blog\/wp-content\/uploads\/2021\/08\/mergulho-mato-grosso-do-sul-bonito-1-1-1024x768.jpg\" alt=\"\" class=\"wp-image-3126\" srcset=\"http:\/\/grvacation.com\/blog\/wp-content\/uploads\/2021\/08\/mergulho-mato-grosso-do-sul-bonito-1-1-1024x768.jpg 1024w, http:\/\/grvacation.com\/blog\/wp-content\/uploads\/2021\/08\/mergulho-mato-grosso-do-sul-bonito-1-1-300x225.jpg 300w, http:\/\/grvacation.com\/blog\/wp-content\/uploads\/2021\/08\/mergulho-mato-grosso-do-sul-bonito-1-1-768x576.jpg 768w, http:\/\/grvacation.com\/blog\/wp-content\/uploads\/2021\/08\/mergulho-mato-grosso-do-sul-bonito-1-1-1536x1152.jpg 1536w, http:\/\/grvacation.com\/blog\/wp-content\/uploads\/2021\/08\/mergulho-mato-grosso-do-sul-bonito-1-1-1500x1125.jpg 1500w, http:\/\/grvacation.com\/blog\/wp-content\/uploads\/2021\/08\/mergulho-mato-grosso-do-sul-bonito-1-1-740x555.jpg 740w, http:\/\/grvacation.com\/blog\/wp-content\/uploads\/2021\/08\/mergulho-mato-grosso-do-sul-bonito-1-1.jpg 1920w\" sizes=\"(max-width: 1024px) 100vw, 1024px\" \/><\/figure>\n\n\n\n<div style=\"height:30px\" aria-hidden=\"true\" class=\"wp-block-spacer\"><\/div>\n\n\n\n<h2>25 de dezembro \u2013 Natal<\/h2>\n\n\n\n<p>O feriado de Natal dispensa coment\u00e1rios. Quem n\u00e3o quer curtir uma das \u00e9pocas mais felizes do ano? Principalmente agora em 2021, pois ele cai bem em um s\u00e1bado.<\/p>\n\n\n\n<p>E Gramado, no Rio Grande do Sul, \u00e9 a nossa dica para viajar neste per\u00edodo. No melhor do <strong>clima natalino, o friozinho e as decora\u00e7\u00f5es da \u00e9poca<\/strong> te levar\u00e3o para um verdadeiro filme de final de ano.<\/p>\n\n\n\n<figure class=\"wp-block-image size-large\"><img loading=\"lazy\" width=\"1024\" height=\"688\" src=\"https:\/\/grvacation.com\/blog\/wp-content\/uploads\/2021\/08\/Gramado-rio-grande-do-sul-1024x688.jpg\" alt=\"\" class=\"wp-image-3127\" srcset=\"http:\/\/grvacation.com\/blog\/wp-content\/uploads\/2021\/08\/Gramado-rio-grande-do-sul-1024x688.jpg 1024w, http:\/\/grvacation.com\/blog\/wp-content\/uploads\/2021\/08\/Gramado-rio-grande-do-sul-300x201.jpg 300w, http:\/\/grvacation.com\/blog\/wp-content\/uploads\/2021\/08\/Gramado-rio-grande-do-sul-768x516.jpg 768w, http:\/\/grvacation.com\/blog\/wp-content\/uploads\/2021\/08\/Gramado-rio-grande-do-sul-1536x1031.jpg 1536w, http:\/\/grvacation.com\/blog\/wp-content\/uploads\/2021\/08\/Gramado-rio-grande-do-sul-2048x1375.jpg 2048w, http:\/\/grvacation.com\/blog\/wp-content\/uploads\/2021\/08\/Gramado-rio-grande-do-sul-1500x1007.jpg 1500w, http:\/\/grvacation.com\/blog\/wp-content\/uploads\/2021\/08\/Gramado-rio-grande-do-sul-740x497.jpg 740w\" sizes=\"(max-width: 1024px) 100vw, 1024px\" \/><\/figure>\n\n\n\n<div style=\"height:30px\" aria-hidden=\"true\" class=\"wp-block-spacer\"><\/div>\n\n\n\n<h2>31 de dezembro \u2013 R\u00e9veillon<\/h2>\n\n\n\n<p>A V\u00e9spera de Final de Ano ser\u00e1 em uma sexta-feira, oferecendo mais um final de semana de 3 dias para voc\u00ea.<\/p>\n\n\n\n<p>Como tradi\u00e7\u00e3o, a virada merece ser comemorada em um dos <strong>R\u00e9veillons mais famosos do mundo: na Praia de Copacabana<\/strong>, no Rio de Janeiro.<\/p>\n\n\n\n<p>Al\u00e9m da festa, voc\u00ea poder\u00e1 pular as ondas, pensando nas boas energias para 2022 e apreciar o cen\u00e1rio de uma das maiores festas de final de ano do mundo.<\/p>\n\n\n\n<figure class=\"wp-block-image size-large\"><img loading=\"lazy\" width=\"1024\" height=\"683\" src=\"https:\/\/grvacation.com\/blog\/wp-content\/uploads\/2021\/08\/rio-de-janeiro-arpoador-1024x683.jpg\" alt=\"\" class=\"wp-image-3128\" srcset=\"http:\/\/grvacation.com\/blog\/wp-content\/uploads\/2021\/08\/rio-de-janeiro-arpoador-1024x683.jpg 1024w, http:\/\/grvacation.com\/blog\/wp-content\/uploads\/2021\/08\/rio-de-janeiro-arpoador-300x200.jpg 300w, http:\/\/grvacation.com\/blog\/wp-content\/uploads\/2021\/08\/rio-de-janeiro-arpoador-768x512.jpg 768w, http:\/\/grvacation.com\/blog\/wp-content\/uploads\/2021\/08\/rio-de-janeiro-arpoador-1536x1024.jpg 1536w, http:\/\/grvacation.com\/blog\/wp-content\/uploads\/2021\/08\/rio-de-janeiro-arpoador-1500x1000.jpg 1500w, http:\/\/grvacation.com\/blog\/wp-content\/uploads\/2021\/08\/rio-de-janeiro-arpoador-740x493.jpg 740w, http:\/\/grvacation.com\/blog\/wp-content\/uploads\/2021\/08\/rio-de-janeiro-arpoador.jpg 2048w\" sizes=\"(max-width: 1024px) 100vw, 1024px\" \/><\/figure>\n\n\n\n<div style=\"height:30px\" aria-hidden=\"true\" class=\"wp-block-spacer\"><\/div>\n\n\n\n<p>Com todas essas dicas, ficou at\u00e9 f\u00e1cil programar as pr\u00f3ximas f\u00e9rias, n\u00e9? Assine nossa newsletter e n\u00e3o perca nenhum conte\u00fado como esse. Temos uma infinidade de dicas esperando por voc\u00ea.<\/p>\n\n\n\n<p><\/p>\n","protected":false},"excerpt":{"rendered":"<p><em>Agosto chegou ao fim, mas abriu as portas para os pr\u00f3ximos feriados que voc\u00ea pode aproveitar!<\/em> Confira os melhores lugares para curtir e relaxar em grande estilo.<\/p>\n<p>Com a chegada &#8230; <br \/><a href=\"http:\/\/grvacation.com\/blog\/ainda-da-tempo-de-aproveitar-os-feriados-de-2021\/\" class=\"more-link\">Leia mais<\/a><\/p>\n","protected":false},"author":13,"featured_media":3121,"comment_status":"closed","ping_status":"closed","sticky":false,"template":"","format":"standard","meta":[],"categories":[2,20,69,638],"tags":[22,23,24,29],"yst_prominent_words":[83,92,111,124,129,133,159,185,246,291,326,495,496,499],"acf":[],"_links":{"self":[{"href":"http:\/\/grvacation.com\/blog\/wp-json\/wp\/v2\/posts\/3120"}],"collection":[{"href":"http:\/\/grvacation.com\/blog\/wp-json\/wp\/v2\/posts"}],"about":[{"href":"http:\/\/grvacation.com\/blog\/wp-json\/wp\/v2\/types\/post"}],"author":[{"embeddable":true,"href":"http:\/\/grvacation.com\/blog\/wp-json\/wp\/v2\/users\/13"}],"replies":[{"embeddable":true,"href":"http:\/\/grvacation.com\/blog\/wp-json\/wp\/v2\/comments?post=3120"}],"version-history":[{"count":2,"href":"http:\/\/grvacation.com\/blog\/wp-json\/wp\/v2\/posts\/3120\/revisions"}],"predecessor-version":[{"id":3131,"href":"http:\/\/grvacation.com\/blog\/wp-json\/wp\/v2\/posts\/3120\/revisions\/3131"}],"wp:featuredmedia":[{"embeddable":true,"href":"http:\/\/grvacation.com\/blog\/wp-json\/wp\/v2\/media\/3121"}],"wp:attachment":[{"href":"http:\/\/grvacation.com\/blog\/wp-json\/wp\/v2\/media?parent=3120"}],"wp:term":[{"taxonomy":"category","embeddable":true,"href":"http:\/\/grvacation.com\/blog\/wp-json\/wp\/v2\/categories?post=3120"},{"taxonomy":"post_tag","embeddable":true,"href":"http:\/\/grvacation.com\/blog\/wp-json\/wp\/v2\/tags?post=3120"},{"taxonomy":"yst_prominent_words","embeddable":true,"href":"http:\/\/grvacation.com\/blog\/wp-json\/wp\/v2\/yst_prominent_words?post=3120"}],"curies":[{"name":"wp","href":"https:\/\/api.w.org\/{rel}","templated":true}]}}