{"id":4133,"date":"2023-06-13T16:49:57","date_gmt":"2023-06-13T19:49:57","guid":{"rendered":"https:\/\/grvacation.com\/blog\/?p=4133"},"modified":"2023-06-14T10:13:48","modified_gmt":"2023-06-14T13:13:48","slug":"se-prepare-para-as-comemoracoes-em-rio-quente","status":"publish","type":"post","link":"http:\/\/grvacation.com\/blog\/se-prepare-para-as-comemoracoes-em-rio-quente\/","title":{"rendered":"Se prepare para comemora\u00e7\u00f5es em Rio Quente!"},"content":{"rendered":"\n<p>Est\u00e1 preparado para criar mem\u00f3rias inesquec\u00edveis no destino da sua Casa de F\u00e9rias? O ano de 2023 vai ser movimentado em Rio Quente! As iniciativas para a <strong>comemora\u00e7\u00e3o dos 300 anos de descoberta das \u00e1guas quentes<\/strong> foram divulgadas pela Ag\u00eancia Estadual de Turismo (Goi\u00e1s Turismo) em maio, mas se estendem at\u00e9 o final do ano com a celebra\u00e7\u00e3o do Natal das \u00c1guas Quentes, \u00faltima a\u00e7\u00e3o proposta no calend\u00e1rio! Quer ficar por dentro de tudo que vai rolar? Vem com a gente e aproveite para organizar a sua pr\u00f3xima visita!&nbsp;<\/p>\n\n\n\n<h2 id=\"entenda-a-comemoracao\"><strong>Entenda a comemora\u00e7\u00e3o&nbsp;<\/strong><\/h2>\n\n\n\n<p>As \u00e1guas do rio quente deram ao pequeno vilarejo, localizado aos p\u00e9s da Serra de Caldas, mais do que o pr\u00f3prio nome. A cidade, que possui apenas 35 anos, j\u00e1 \u00e9 um dos principais destinos tur\u00edsticos do Brasil, com 6 milh\u00f5es de visitantes por ano, e deve essa conquista a algo muito mais antigo que sua pr\u00f3pria hist\u00f3ria, as \u00e1guas termais da regi\u00e3o.&nbsp;<\/p>\n\n\n\n<p>Com uma origem rodeada de lendas e suposi\u00e7\u00f5es, as \u00e1guas cristalinas de 37\u00baC atraem turistas de todas as partes do mundo e consagram Rio Quente como refer\u00eancia em ecoturismo. Em 2023, completamos 300 anos da descoberta deste para\u00edso natural e a cidade prepara celebra\u00e7\u00f5es que v\u00e3o durar at\u00e9 o final do ano!&nbsp;<\/p>\n\n\n\n<h2 id=\"expectativa-para-a-festa\"><strong>Expectativa para a festa&nbsp;<\/strong><\/h2>\n\n\n\n<p>Alguns dos eventos divulgados pela Ag\u00eancia Estadual de Turismo s\u00e3o:<strong> festival gastron\u00f4mico, lan\u00e7amento de trilha ecol\u00f3gica e Natal das \u00c1guas Quentes.&nbsp;<\/strong><\/p>\n\n\n\n<p>A iniciativa \u00e9 uma parceria das prefeituras de Caldas Novas e de Rio Quente com a Associa\u00e7\u00e3o Regional das \u00c1guas Quentes de Goi\u00e1s (AQUA) e conta com apoio das Secretaria Estadual de Comunica\u00e7\u00e3o (Secom), Secretaria Estadual de Meio Ambiente e Desenvolvimento Sustent\u00e1vel (Semad) e Corpo de Bombeiros.<\/p>\n\n\n\n<p>Essas s\u00e3o as primeiras informa\u00e7\u00f5es sobre os pr\u00f3ximos meses, mas fique de olho nas nossas comunica\u00e7\u00f5es porque vamos te deixar por dentro de cada detalhe! Ficou com alguma d\u00favida? Pode deixar nos coment\u00e1rios ou chamar a nossa equipe na Central de Relacionamentos, estamos sempre \u00e0 disposi\u00e7\u00e3o para realizar a melhor viagem da sua vida!&nbsp;<\/p>\n","protected":false},"excerpt":{"rendered":"<p>Est\u00e1 preparado para criar mem\u00f3rias inesquec\u00edveis no destino da sua Casa de F\u00e9rias? O ano de 2023 vai ser movimentado em Rio Quente! As iniciativas para a <strong>comemora\u00e7\u00e3o dos 300 &#8230; <br \/><a href=\"http:\/\/grvacation.com\/blog\/se-prepare-para-as-comemoracoes-em-rio-quente\/\" class=\"more-link\">Leia mais<\/a><\/strong><\/p>\n","protected":false},"author":13,"featured_media":0,"comment_status":"closed","ping_status":"closed","sticky":false,"template":"","format":"standard","meta":[],"categories":[20],"tags":[],"yst_prominent_words":[],"acf":[],"_links":{"self":[{"href":"http:\/\/grvacation.com\/blog\/wp-json\/wp\/v2\/posts\/4133"}],"collection":[{"href":"http:\/\/grvacation.com\/blog\/wp-json\/wp\/v2\/posts"}],"about":[{"href":"http:\/\/grvacation.com\/blog\/wp-json\/wp\/v2\/types\/post"}],"author":[{"embeddable":true,"href":"http:\/\/grvacation.com\/blog\/wp-json\/wp\/v2\/users\/13"}],"replies":[{"embeddable":true,"href":"http:\/\/grvacation.com\/blog\/wp-json\/wp\/v2\/comments?post=4133"}],"version-history":[{"count":2,"href":"http:\/\/grvacation.com\/blog\/wp-json\/wp\/v2\/posts\/4133\/revisions"}],"predecessor-version":[{"id":4137,"href":"http:\/\/grvacation.com\/blog\/wp-json\/wp\/v2\/posts\/4133\/revisions\/4137"}],"wp:attachment":[{"href":"http:\/\/grvacation.com\/blog\/wp-json\/wp\/v2\/media?parent=4133"}],"wp:term":[{"taxonomy":"category","embeddable":true,"href":"http:\/\/grvacation.com\/blog\/wp-json\/wp\/v2\/categories?post=4133"},{"taxonomy":"post_tag","embeddable":true,"href":"http:\/\/grvacation.com\/blog\/wp-json\/wp\/v2\/tags?post=4133"},{"taxonomy":"yst_prominent_words","embeddable":true,"href":"http:\/\/grvacation.com\/blog\/wp-json\/wp\/v2\/yst_prominent_words?post=4133"}],"curies":[{"name":"wp","href":"https:\/\/api.w.org\/{rel}","templated":true}]}}