{"id":2779,"date":"2020-11-24T14:11:12","date_gmt":"2020-11-24T17:11:12","guid":{"rendered":"http:\/\/grvacation.com\/blog\/?p=2779"},"modified":"2020-12-23T08:44:03","modified_gmt":"2020-12-23T11:44:03","slug":"3-destinos-incriveis-para-proxima-ferias","status":"publish","type":"post","link":"https:\/\/grvacation.com\/blog\/3-destinos-incriveis-para-proxima-ferias\/","title":{"rendered":"3 destinos incr\u00edveis para suas pr\u00f3ximas f\u00e9rias"},"content":{"rendered":"\n<p>Planejar f\u00e9rias \u00e9 sempre bom, mas pode dar trabalho se voc\u00ea ainda n\u00e3o sabe para onde ir. Aqui v\u00e3o algumas dicas que podem ajudar voc\u00ea a decidir seu pr\u00f3ximo destino.<\/p>\n\n\n\n<p><strong>Ol\u00edmpia \u2013 SP<\/strong><br>\nA cidade, conhecida por seus parques aqu\u00e1ticos, que recebem milh\u00f5es de turistas todos os anos, tem muito a oferecer quando o assunto \u00e9 divers\u00e3o e entretenimento.<br>\nO <strong>Festival do Folclore<\/strong>, que colocou Ol\u00edmpia no mapa cultural do pa\u00eds e recebe mais de 100 mil pessoas por edi\u00e7\u00e3o, \u00e9 perfeito para quem curte cultura popular. J\u00e1 o <strong>Vale dos Dinossauros<\/strong> encanta a garotada com r\u00e9plicas perfeitas de dinossauros que se movimentam e emitem sons assustadoramente divertidos.<\/p>\n\n\n\n<div class=\"wp-block-image\"><figure class=\"aligncenter\"><img loading=\"lazy\" width=\"1024\" height=\"682\" src=\"http:\/\/grvacation.com\/blog\/wp-content\/uploads\/2020\/11\/vale_-1024x682.jpg\" alt=\"\" class=\"wp-image-2783\" srcset=\"https:\/\/grvacation.com\/blog\/wp-content\/uploads\/2020\/11\/vale_-1024x682.jpg 1024w, https:\/\/grvacation.com\/blog\/wp-content\/uploads\/2020\/11\/vale_-300x200.jpg 300w, https:\/\/grvacation.com\/blog\/wp-content\/uploads\/2020\/11\/vale_-768x512.jpg 768w, https:\/\/grvacation.com\/blog\/wp-content\/uploads\/2020\/11\/vale_-1536x1023.jpg 1536w, https:\/\/grvacation.com\/blog\/wp-content\/uploads\/2020\/11\/vale_-1500x999.jpg 1500w, https:\/\/grvacation.com\/blog\/wp-content\/uploads\/2020\/11\/vale_-740x493.jpg 740w, https:\/\/grvacation.com\/blog\/wp-content\/uploads\/2020\/11\/vale_.jpg 1920w\" sizes=\"(max-width: 1024px) 100vw, 1024px\" \/><\/figure><\/div>\n\n\n\n<p>Se a viagem \u00e9 em fam\u00edlia, os Parques Aqu\u00e1ticos v\u00e3o agradar todo mundo, com piscinas aquecidas e muitas op\u00e7\u00f5es de lazer para as crian\u00e7as. O Parque Aqu\u00e1tico Thermas dos Laranjais \u00e9 o maior da Am\u00e9rica Latina e tem acesso exclusivo para os h\u00f3spedes do <strong>Wyndham Ol\u00edmpia Royal Hotels<\/strong>, o maior hotel do Brasil, que fica ao lado do parque.<\/p>\n\n\n\n<div class=\"wp-block-image\"><figure class=\"aligncenter\"><img loading=\"lazy\" width=\"1024\" height=\"682\" src=\"http:\/\/grvacation.com\/blog\/wp-content\/uploads\/2020\/11\/Parque-Thermas-dos-Laranjais-e-Wyndham-2-1024x682.jpg\" alt=\"\" class=\"wp-image-2784\" srcset=\"https:\/\/grvacation.com\/blog\/wp-content\/uploads\/2020\/11\/Parque-Thermas-dos-Laranjais-e-Wyndham-2-1024x682.jpg 1024w, https:\/\/grvacation.com\/blog\/wp-content\/uploads\/2020\/11\/Parque-Thermas-dos-Laranjais-e-Wyndham-2-300x200.jpg 300w, https:\/\/grvacation.com\/blog\/wp-content\/uploads\/2020\/11\/Parque-Thermas-dos-Laranjais-e-Wyndham-2-768x512.jpg 768w, https:\/\/grvacation.com\/blog\/wp-content\/uploads\/2020\/11\/Parque-Thermas-dos-Laranjais-e-Wyndham-2-1536x1023.jpg 1536w, https:\/\/grvacation.com\/blog\/wp-content\/uploads\/2020\/11\/Parque-Thermas-dos-Laranjais-e-Wyndham-2-1500x999.jpg 1500w, https:\/\/grvacation.com\/blog\/wp-content\/uploads\/2020\/11\/Parque-Thermas-dos-Laranjais-e-Wyndham-2-740x493.jpg 740w, https:\/\/grvacation.com\/blog\/wp-content\/uploads\/2020\/11\/Parque-Thermas-dos-Laranjais-e-Wyndham-2.jpg 1920w\" sizes=\"(max-width: 1024px) 100vw, 1024px\" \/><\/figure><\/div>\n\n\n\n<p>Os membros do GR Vacation se hospedam no Wyndham Ol\u00edmpia Royal Hotels, com uma infraestrutura completa, que oferece experi\u00eancias incr\u00edveis tanto dentro como fora do empreendimento. Al\u00e9m de facilitar no planejamento das f\u00e9rias, com vantagens exclusivas e lazer para toda a fam\u00edlia.<\/p>\n\n\n\n<div class=\"wp-block-image\"><figure class=\"aligncenter\"><img loading=\"lazy\" width=\"1024\" height=\"684\" src=\"http:\/\/grvacation.com\/blog\/wp-content\/uploads\/2020\/08\/sdgsddg-1024x684.jpg\" alt=\"Wyndham Ol\u00edmpia Royal\" class=\"wp-image-2758\" srcset=\"https:\/\/grvacation.com\/blog\/wp-content\/uploads\/2020\/08\/sdgsddg-1024x684.jpg 1024w, https:\/\/grvacation.com\/blog\/wp-content\/uploads\/2020\/08\/sdgsddg-300x200.jpg 300w, https:\/\/grvacation.com\/blog\/wp-content\/uploads\/2020\/08\/sdgsddg-768x513.jpg 768w, https:\/\/grvacation.com\/blog\/wp-content\/uploads\/2020\/08\/sdgsddg-740x494.jpg 740w, https:\/\/grvacation.com\/blog\/wp-content\/uploads\/2020\/08\/sdgsddg.jpg 1141w\" sizes=\"(max-width: 1024px) 100vw, 1024px\" \/><\/figure><\/div>\n\n\n\n<p><strong>Barretos \u2013 SP<\/strong><br>\nA Festa do Pe\u00e3o de Barretos \u00e9 a maior do pa\u00eds e deu fama \u00e0 cidade, mas quem conhece um outro lado do munic\u00edpio sabe que Barretos merece estar na lista de cidades para se visitar.<br>\nA <strong>Regi\u00e3o dos Lagos<\/strong>, por exemplo, oferece uma vista privilegiada do p\u00f4r do sol e espa\u00e7o para a pr\u00e1tica de atividade f\u00edsica ao ar livre. O <strong>Rancho do Pe\u00e3ozinho<\/strong> \u00e9 perfeito para as crian\u00e7as se divertirem perto do verde e longe do celular. Para os amantes de hist\u00f3ria, uma caminhada pela <strong>parte hist\u00f3rica da cidade<\/strong> \u00e9 imperd\u00edvel.<\/p>\n\n\n\n<div class=\"wp-block-image\"><figure class=\"aligncenter\"><img loading=\"lazy\" width=\"1024\" height=\"624\" src=\"http:\/\/grvacation.com\/blog\/wp-content\/uploads\/2020\/11\/bc_Regia\u0303o-dos-lagos-1024x624.jpg\" alt=\"\" class=\"wp-image-2785\" srcset=\"https:\/\/grvacation.com\/blog\/wp-content\/uploads\/2020\/11\/bc_Regia\u0303o-dos-lagos-1024x624.jpg 1024w, https:\/\/grvacation.com\/blog\/wp-content\/uploads\/2020\/11\/bc_Regia\u0303o-dos-lagos-300x183.jpg 300w, https:\/\/grvacation.com\/blog\/wp-content\/uploads\/2020\/11\/bc_Regia\u0303o-dos-lagos-768x468.jpg 768w, https:\/\/grvacation.com\/blog\/wp-content\/uploads\/2020\/11\/bc_Regia\u0303o-dos-lagos-1536x936.jpg 1536w, https:\/\/grvacation.com\/blog\/wp-content\/uploads\/2020\/11\/bc_Regia\u0303o-dos-lagos-1500x914.jpg 1500w, https:\/\/grvacation.com\/blog\/wp-content\/uploads\/2020\/11\/bc_Regia\u0303o-dos-lagos-740x451.jpg 740w, https:\/\/grvacation.com\/blog\/wp-content\/uploads\/2020\/11\/bc_Regia\u0303o-dos-lagos.jpg 1920w\" sizes=\"(max-width: 1024px) 100vw, 1024px\" \/><\/figure><\/div>\n\n\n\n<p>J\u00e1 o <strong>Barretos Country Thermas Park<\/strong> \u00e9 ao mesmo tempo uma atra\u00e7\u00e3o e a melhor op\u00e7\u00e3o de hospedagem para quem viaja com a fam\u00edlia. Com resorts e thermas, possui infraestrutura para turistas de todas as idades, com uma das maiores praias artificiais do pa\u00eds e piscinas aquecidas, \u00e9 a experi\u00eancia do litoral em pleno interior paulista. Se voc\u00ea busca descanso com o p\u00e9 na areia sem ter que descer a serra, esse \u00e9 o lugar!<\/p>\n\n\n\n<div class=\"wp-block-image\"><figure class=\"aligncenter\"><img loading=\"lazy\" width=\"1024\" height=\"767\" src=\"http:\/\/grvacation.com\/blog\/wp-content\/uploads\/2020\/11\/BC_-1024x767.jpg\" alt=\"\" class=\"wp-image-2786\" srcset=\"https:\/\/grvacation.com\/blog\/wp-content\/uploads\/2020\/11\/BC_-1024x767.jpg 1024w, https:\/\/grvacation.com\/blog\/wp-content\/uploads\/2020\/11\/BC_-300x225.jpg 300w, https:\/\/grvacation.com\/blog\/wp-content\/uploads\/2020\/11\/BC_-768x576.jpg 768w, https:\/\/grvacation.com\/blog\/wp-content\/uploads\/2020\/11\/BC_-1536x1151.jpg 1536w, https:\/\/grvacation.com\/blog\/wp-content\/uploads\/2020\/11\/BC_-1500x1124.jpg 1500w, https:\/\/grvacation.com\/blog\/wp-content\/uploads\/2020\/11\/BC_-740x555.jpg 740w, https:\/\/grvacation.com\/blog\/wp-content\/uploads\/2020\/11\/BC_.jpg 1920w\" sizes=\"(max-width: 1024px) 100vw, 1024px\" \/><\/figure><\/div>\n\n\n\n<p><strong>Rio Quente \u2013 GO &#8211; Serra Madre Residence<\/strong><br>\nQuem vai visitar as piscinas de \u00e1guas termais pode conhecer um pouco mais da cidade entre um mergulho e outro.<\/p>\n\n\n\n<p>A <strong>Feira Artesanal<\/strong> e <strong>Gastron\u00f4mica do Rio Quente<\/strong> \u00e9 perfeita para comprar aquela lembrancinha e matar a fome com quitutes regionais. Para quem prefere degustar uma boa bebida, a <strong>Cacha\u00e7aria Vale das \u00c1guas Quentes<\/strong> \u00e9 parada obrigat\u00f3ria.<\/p>\n\n\n\n<div class=\"wp-block-image normal wp-image-2787 size-full\"><figure class=\"aligncenter\"><img loading=\"lazy\" width=\"1024\" height=\"681\" src=\"http:\/\/grvacation.com\/blog\/wp-content\/uploads\/2020\/11\/DSC_0194.jpg\" alt=\"\" class=\"wp-image-2787\" srcset=\"https:\/\/grvacation.com\/blog\/wp-content\/uploads\/2020\/11\/DSC_0194.jpg 1024w, https:\/\/grvacation.com\/blog\/wp-content\/uploads\/2020\/11\/DSC_0194-300x200.jpg 300w, https:\/\/grvacation.com\/blog\/wp-content\/uploads\/2020\/11\/DSC_0194-768x511.jpg 768w, https:\/\/grvacation.com\/blog\/wp-content\/uploads\/2020\/11\/DSC_0194-740x492.jpg 740w\" sizes=\"(max-width: 1024px) 100vw, 1024px\" \/><figcaption>Foto: Cacha\u00e7aria Vale das \u00c1guas Quentes (cvaq.com.br)<\/figcaption><\/figure><\/div>\n\n\n\n<p>J\u00e1 quem est\u00e1 em busca de mais contato com a natureza, o Parque Estadual Serra de Caldas tem trilhas para cachoeiras e mirantes de tirar o f\u00f4lego. E para a experi\u00eancia ser ainda mais inesquec\u00edvel, o Serra Madre Residence, que fica ao p\u00e9 da Serra de Caldas, tem acomoda\u00e7\u00f5es para quem busca conforto e descanso, mas n\u00e3o abre m\u00e3o de divers\u00e3o. F\u00e9rias completas e momentos inesquec\u00edveis para quem realmente importa: sua fam\u00edlia.<\/p>\n\n\n\n<div class=\"wp-block-image\"><figure class=\"aligncenter\"><img loading=\"lazy\" width=\"1024\" height=\"683\" src=\"http:\/\/grvacation.com\/blog\/wp-content\/uploads\/2020\/11\/Serra_-1024x683.jpg\" alt=\"\" class=\"wp-image-2788\" srcset=\"https:\/\/grvacation.com\/blog\/wp-content\/uploads\/2020\/11\/Serra_-1024x683.jpg 1024w, https:\/\/grvacation.com\/blog\/wp-content\/uploads\/2020\/11\/Serra_-300x200.jpg 300w, https:\/\/grvacation.com\/blog\/wp-content\/uploads\/2020\/11\/Serra_-768x512.jpg 768w, https:\/\/grvacation.com\/blog\/wp-content\/uploads\/2020\/11\/Serra_-1536x1024.jpg 1536w, https:\/\/grvacation.com\/blog\/wp-content\/uploads\/2020\/11\/Serra_-1500x1000.jpg 1500w, https:\/\/grvacation.com\/blog\/wp-content\/uploads\/2020\/11\/Serra_-740x493.jpg 740w, https:\/\/grvacation.com\/blog\/wp-content\/uploads\/2020\/11\/Serra_.jpg 1920w\" sizes=\"(max-width: 1024px) 100vw, 1024px\" \/><\/figure><\/div>\n","protected":false},"excerpt":{"rendered":"<p>Planejar f\u00e9rias \u00e9 sempre bom, mas pode dar trabalho se voc\u00ea ainda n\u00e3o sabe para onde ir. Aqui v\u00e3o algumas dicas que podem ajudar voc\u00ea a decidir seu pr\u00f3ximo destino.<\/p>\n<p> &#8230; <br \/><a href=\"https:\/\/grvacation.com\/blog\/3-destinos-incriveis-para-proxima-ferias\/\" class=\"more-link\">Leia mais<\/a><\/p>\n","protected":false},"author":13,"featured_media":2784,"comment_status":"closed","ping_status":"closed","sticky":false,"template":"","format":"standard","meta":[],"categories":[2,20],"tags":[],"yst_prominent_words":[94,95,96,103,104,105,303,459,647,805,809,814,815],"acf":[],"_links":{"self":[{"href":"https:\/\/grvacation.com\/blog\/wp-json\/wp\/v2\/posts\/2779"}],"collection":[{"href":"https:\/\/grvacation.com\/blog\/wp-json\/wp\/v2\/posts"}],"about":[{"href":"https:\/\/grvacation.com\/blog\/wp-json\/wp\/v2\/types\/post"}],"author":[{"embeddable":true,"href":"https:\/\/grvacation.com\/blog\/wp-json\/wp\/v2\/users\/13"}],"replies":[{"embeddable":true,"href":"https:\/\/grvacation.com\/blog\/wp-json\/wp\/v2\/comments?post=2779"}],"version-history":[{"count":5,"href":"https:\/\/grvacation.com\/blog\/wp-json\/wp\/v2\/posts\/2779\/revisions"}],"predecessor-version":[{"id":2900,"href":"https:\/\/grvacation.com\/blog\/wp-json\/wp\/v2\/posts\/2779\/revisions\/2900"}],"wp:featuredmedia":[{"embeddable":true,"href":"https:\/\/grvacation.com\/blog\/wp-json\/wp\/v2\/media\/2784"}],"wp:attachment":[{"href":"https:\/\/grvacation.com\/blog\/wp-json\/wp\/v2\/media?parent=2779"}],"wp:term":[{"taxonomy":"category","embeddable":true,"href":"https:\/\/grvacation.com\/blog\/wp-json\/wp\/v2\/categories?post=2779"},{"taxonomy":"post_tag","embeddable":true,"href":"https:\/\/grvacation.com\/blog\/wp-json\/wp\/v2\/tags?post=2779"},{"taxonomy":"yst_prominent_words","embeddable":true,"href":"https:\/\/grvacation.com\/blog\/wp-json\/wp\/v2\/yst_prominent_words?post=2779"}],"curies":[{"name":"wp","href":"https:\/\/api.w.org\/{rel}","templated":true}]}}