{"id":4028,"date":"2023-02-15T19:33:29","date_gmt":"2023-02-15T22:33:29","guid":{"rendered":"https:\/\/grvacation.com\/blog\/?p=4028"},"modified":"2023-02-16T09:35:49","modified_gmt":"2023-02-16T12:35:49","slug":"monitores-influenciadores-digitais-so-no-bc","status":"publish","type":"post","link":"https:\/\/grvacation.com\/blog\/monitores-influenciadores-digitais-so-no-bc\/","title":{"rendered":"Monitores influenciadores digitais? S\u00f3 no BC!"},"content":{"rendered":"\n<p>A equipe de recrea\u00e7\u00e3o do Barretos Country Park Resort \u00e9 um evento que, todos os dias, transforma as f\u00e9rias de milhares de fam\u00edlias. N\u00e3o \u00e9 \u00e0 toa que nossos monitores deixam saudade nos cora\u00e7\u00f5es das crian\u00e7as e ganham tantos reconhecimentos, eles se dedicam com amor \u00e0 profiss\u00e3o que escolheram seguir.&nbsp;<\/p>\n\n\n\n<p>Seguran\u00e7a, divers\u00e3o e muita criatividade s\u00e3o os temperos principais das atividades do nosso complexo. Os compromissos come\u00e7am cedo, logo \u00e0s 9h e terminam depois das 22h, haja energia para gastar, n\u00e3o \u00e9 mesmo? Todos os dias, existem programa\u00e7\u00f5es diferentes que s\u00e3o pensadas exclusivamente para as condi\u00e7\u00f5es daquele momento (ou tem\u00e1tica) mas, ent\u00e3o, o que podemos esperar do m\u00eas de fevereiro por aqui?&nbsp;<\/p>\n\n\n\n<p>\u00c9 claro que muita folia! A programa\u00e7\u00e3o de carnaval do Barretos Country \u00e9 a mais completa da regi\u00e3o &#8211; com atividades para os adultos mas tamb\u00e9m para as crian\u00e7as, e gincanas que refor\u00e7am a ess\u00eancia de uma das datas mais amadas do nosso calend\u00e1rio!&nbsp;<\/p>\n\n\n\n<p><strong><a rel=\"noreferrer noopener\" href=\"https:\/\/promo.barretoscountry.com.br\/programacao-de-fevereiro\" target=\"_blank\">Clique aqui<\/a>, confira a programa\u00e7\u00e3o do m\u00eas e descubra o verdadeiro carnaval <\/strong><\/p>\n\n\n\n<p>Imperd\u00edvel, n\u00e9? Mas, n\u00e3o para por aqui! Al\u00e9m de carism\u00e1ticos, profissionais e muito concorridos, os nossos monitores tamb\u00e9m s\u00e3o influencers digitais\u2026 Isso mesmo! Eles est\u00e3o no instagram empenhados em mostrar em tempo real todas as atividades incr\u00edveis que os seus filhos participam todos os dias!\u00a0<\/p>\n\n\n\n<p><strong>Quer seguir os nossos tios? \u00c9 s\u00f3 clicar no perfil! <\/strong><\/p>\n\n\n\n<figure class=\"wp-block-image size-large\"><a href=\"https:\/\/www.instagram.com\/tionutellinha\/\"><img loading=\"lazy\" width=\"1024\" height=\"621\" src=\"https:\/\/grvacation.com\/blog\/wp-content\/uploads\/2023\/02\/WhatsApp-Image-2023-02-16-at-09.22.15-1024x621.jpeg\" alt=\"\" class=\"wp-image-4031\" srcset=\"https:\/\/grvacation.com\/blog\/wp-content\/uploads\/2023\/02\/WhatsApp-Image-2023-02-16-at-09.22.15-1024x621.jpeg 1024w, https:\/\/grvacation.com\/blog\/wp-content\/uploads\/2023\/02\/WhatsApp-Image-2023-02-16-at-09.22.15-300x182.jpeg 300w, https:\/\/grvacation.com\/blog\/wp-content\/uploads\/2023\/02\/WhatsApp-Image-2023-02-16-at-09.22.15-768x466.jpeg 768w, https:\/\/grvacation.com\/blog\/wp-content\/uploads\/2023\/02\/WhatsApp-Image-2023-02-16-at-09.22.15-740x449.jpeg 740w, https:\/\/grvacation.com\/blog\/wp-content\/uploads\/2023\/02\/WhatsApp-Image-2023-02-16-at-09.22.15.jpeg 1280w\" sizes=\"(max-width: 1024px) 100vw, 1024px\" \/><\/a><\/figure>\n\n\n\n<figure class=\"wp-block-image size-large\"><a href=\"https:\/\/www.instagram.com\/tiasorriso01\/\"><img loading=\"lazy\" width=\"1024\" height=\"586\" src=\"https:\/\/grvacation.com\/blog\/wp-content\/uploads\/2023\/02\/WhatsApp-Image-2023-02-16-at-09.23.32-1024x586.jpeg\" alt=\"\" class=\"wp-image-4032\" srcset=\"https:\/\/grvacation.com\/blog\/wp-content\/uploads\/2023\/02\/WhatsApp-Image-2023-02-16-at-09.23.32-1024x586.jpeg 1024w, https:\/\/grvacation.com\/blog\/wp-content\/uploads\/2023\/02\/WhatsApp-Image-2023-02-16-at-09.23.32-300x172.jpeg 300w, https:\/\/grvacation.com\/blog\/wp-content\/uploads\/2023\/02\/WhatsApp-Image-2023-02-16-at-09.23.32-768x439.jpeg 768w, https:\/\/grvacation.com\/blog\/wp-content\/uploads\/2023\/02\/WhatsApp-Image-2023-02-16-at-09.23.32-740x423.jpeg 740w, https:\/\/grvacation.com\/blog\/wp-content\/uploads\/2023\/02\/WhatsApp-Image-2023-02-16-at-09.23.32-525x300.jpeg 525w, https:\/\/grvacation.com\/blog\/wp-content\/uploads\/2023\/02\/WhatsApp-Image-2023-02-16-at-09.23.32.jpeg 1280w\" sizes=\"(max-width: 1024px) 100vw, 1024px\" \/><\/a><\/figure>\n\n\n\n<figure class=\"wp-block-image size-large\"><a href=\"https:\/\/www.instagram.com\/tiabombom_\/\"><img loading=\"lazy\" width=\"1024\" height=\"748\" src=\"https:\/\/grvacation.com\/blog\/wp-content\/uploads\/2023\/02\/WhatsApp-Image-2023-02-16-at-09.24.57-1024x748.jpeg\" alt=\"\" class=\"wp-image-4033\" srcset=\"https:\/\/grvacation.com\/blog\/wp-content\/uploads\/2023\/02\/WhatsApp-Image-2023-02-16-at-09.24.57-1024x748.jpeg 1024w, https:\/\/grvacation.com\/blog\/wp-content\/uploads\/2023\/02\/WhatsApp-Image-2023-02-16-at-09.24.57-300x219.jpeg 300w, https:\/\/grvacation.com\/blog\/wp-content\/uploads\/2023\/02\/WhatsApp-Image-2023-02-16-at-09.24.57-768x561.jpeg 768w, https:\/\/grvacation.com\/blog\/wp-content\/uploads\/2023\/02\/WhatsApp-Image-2023-02-16-at-09.24.57-740x541.jpeg 740w, https:\/\/grvacation.com\/blog\/wp-content\/uploads\/2023\/02\/WhatsApp-Image-2023-02-16-at-09.24.57.jpeg 1280w\" sizes=\"(max-width: 1024px) 100vw, 1024px\" \/><\/a><\/figure>\n\n\n\n<p>N\u00e3o tem viagem marcada? Sem problemas! Aproveite o feriado prolongado para curtir um dia inteiro de divers\u00e3o no parque e ainda garantir as programa\u00e7\u00f5es exclusivas de carnaval, que acontecem entre os dias 17 e 21 deste m\u00eas!&nbsp;<\/p>\n","protected":false},"excerpt":{"rendered":"<p>A equipe de recrea\u00e7\u00e3o do Barretos Country Park Resort \u00e9 um evento que, todos os dias, transforma as f\u00e9rias de milhares de fam\u00edlias. N\u00e3o \u00e9 \u00e0 toa que nossos monitores &#8230; <br \/><a href=\"https:\/\/grvacation.com\/blog\/monitores-influenciadores-digitais-so-no-bc\/\" class=\"more-link\">Leia mais<\/a><\/p>\n","protected":false},"author":13,"featured_media":0,"comment_status":"closed","ping_status":"closed","sticky":false,"template":"","format":"standard","meta":[],"categories":[1],"tags":[],"yst_prominent_words":[77,90,91,164,175,188,514],"acf":[],"_links":{"self":[{"href":"https:\/\/grvacation.com\/blog\/wp-json\/wp\/v2\/posts\/4028"}],"collection":[{"href":"https:\/\/grvacation.com\/blog\/wp-json\/wp\/v2\/posts"}],"about":[{"href":"https:\/\/grvacation.com\/blog\/wp-json\/wp\/v2\/types\/post"}],"author":[{"embeddable":true,"href":"https:\/\/grvacation.com\/blog\/wp-json\/wp\/v2\/users\/13"}],"replies":[{"embeddable":true,"href":"https:\/\/grvacation.com\/blog\/wp-json\/wp\/v2\/comments?post=4028"}],"version-history":[{"count":3,"href":"https:\/\/grvacation.com\/blog\/wp-json\/wp\/v2\/posts\/4028\/revisions"}],"predecessor-version":[{"id":4037,"href":"https:\/\/grvacation.com\/blog\/wp-json\/wp\/v2\/posts\/4028\/revisions\/4037"}],"wp:attachment":[{"href":"https:\/\/grvacation.com\/blog\/wp-json\/wp\/v2\/media?parent=4028"}],"wp:term":[{"taxonomy":"category","embeddable":true,"href":"https:\/\/grvacation.com\/blog\/wp-json\/wp\/v2\/categories?post=4028"},{"taxonomy":"post_tag","embeddable":true,"href":"https:\/\/grvacation.com\/blog\/wp-json\/wp\/v2\/tags?post=4028"},{"taxonomy":"yst_prominent_words","embeddable":true,"href":"https:\/\/grvacation.com\/blog\/wp-json\/wp\/v2\/yst_prominent_words?post=4028"}],"curies":[{"name":"wp","href":"https:\/\/api.w.org\/{rel}","templated":true}]}}